{"id":300,"date":"2012-08-19T18:59:13","date_gmt":"2012-08-19T18:59:13","guid":{"rendered":"http:\/\/writingsinrhyme.com\/?p=300"},"modified":"2014-08-15T19:01:40","modified_gmt":"2014-08-15T19:01:40","slug":"sky-is-our-ceiling-the-land-our-garden","status":"publish","type":"post","link":"https:\/\/writingsinrhyme.com\/index.php\/sky-is-our-ceiling-the-land-our-garden\/","title":{"rendered":"Sky is our Ceiling, the Land our Garden"},"content":{"rendered":"<blockquote><p>The sky is our ceiling, the land our garden<br \/>\n&#8211; Romany Proverb<\/p><\/blockquote>\n<figure id=\"attachment_2410\" aria-describedby=\"caption-attachment-2410\" style=\"width: 1260px\" class=\"wp-caption alignnone\"><img loading=\"lazy\" decoding=\"async\" class=\"size-full wp-image-2410\" src=\"http:\/\/www.writingsinrhyme.com\/wp-content\/uploads\/2013\/04\/Gypsies-on-the-Road.jpg\" alt=\"Gypsies on the Road. &quot;The sky is our ceiling, hte land our garden&quot; - old Romany proverb\" width=\"1260\" height=\"406\" \/><figcaption id=\"caption-attachment-2410\" class=\"wp-caption-text\">Gypsies on the Road.<br \/>&#8220;The sky is our ceiling, the land our garden&#8221; &#8211; old Romany proverb<\/figcaption><\/figure>\n<p>Smile, yes there are clouds<br \/>\nThe morning may be dull<br \/>\nYour life may seem difficult<br \/>\nAnd of problems, be full<\/p>\n<p>But they shall pass in their own time<br \/>\nAll problems sorted in their own way<br \/>\nFor many was the cloudy morning<br \/>\nThat changed to a fine day!<\/p>\n","protected":false},"excerpt":{"rendered":"<p>The sky is our ceiling, the land our garden &#8211; Romany Proverb Smile, yes there are clouds The morning may be dull Your life may seem difficult And of problems, be full But they shall pass in their own time All problems sorted in their own way For many was &#8230;<\/p>\n","protected":false},"author":1,"featured_media":0,"comment_status":"closed","ping_status":"closed","sticky":false,"template":"","format":"standard","meta":{"_jetpack_memberships_contains_paid_content":false,"footnotes":""},"categories":[232,494,495],"tags":[498,12,59,496,497],"class_list":["post-300","post","type-post","status-publish","format-standard","hentry","category-nature-2","category-proverbs-and-folk-wisdom","category-romany-proverb","tag-garden","tag-nature","tag-romani","tag-romany-proverb-2","tag-sky","column","twocol"],"jetpack_featured_media_url":"","jetpack_shortlink":"https:\/\/wp.me\/p7EI4f-4Q","jetpack_likes_enabled":true,"jetpack-related-posts":[{"id":292,"url":"https:\/\/writingsinrhyme.com\/index.php\/we-all-walk-the-same-road\/","url_meta":{"origin":300,"position":0},"title":"We All Walk the Same Road","author":"Tom\u00e1s \u00d3 C\u00e1rthaigh","date":"15th June 2013","format":false,"excerpt":"April 8th is the International Day of Roma, and the day we remember the Romany victims of the holocaust.Though thankfully things are not as bad today, there still is a lot of hatred against them, which has risen since the fall of communism. All mankind, we walk the same road,\u2026","rel":"","context":"In \"life\"","block_context":{"text":"life","link":"https:\/\/writingsinrhyme.com\/index.php\/tag\/life-2\/"},"img":{"alt_text":"Romany child victims of the holocaust","src":"https:\/\/i0.wp.com\/www.writingsinrhyme.com\/wp-content\/uploads\/2013\/04\/Romany-child-victims-of-the-holocaust.jpg?resize=350%2C200","width":350,"height":200,"srcset":"https:\/\/i0.wp.com\/www.writingsinrhyme.com\/wp-content\/uploads\/2013\/04\/Romany-child-victims-of-the-holocaust.jpg?resize=350%2C200 1x, https:\/\/i0.wp.com\/www.writingsinrhyme.com\/wp-content\/uploads\/2013\/04\/Romany-child-victims-of-the-holocaust.jpg?resize=525%2C300 1.5x"},"classes":[]},{"id":613,"url":"https:\/\/writingsinrhyme.com\/index.php\/a-dance-of-joy-and-survival\/","url_meta":{"origin":300,"position":1},"title":"A Dance of Joy and Survival","author":"Tom\u00e1s \u00d3 C\u00e1rthaigh","date":"18th September 2012","format":false,"excerpt":"http:\/\/www.youtube.com\/watch?v=CCr8f4qEP-M","rel":"","context":"In &quot;Walking with the Romany Caravan&quot;","block_context":{"text":"Walking with the Romany Caravan","link":"https:\/\/writingsinrhyme.com\/index.php\/category\/video-poetry\/walking-with-the-romany-caravan\/"},"img":{"alt_text":"","src":"https:\/\/i0.wp.com\/img.youtube.com\/vi\/CCr8f4qEP-M\/0.jpg?resize=350%2C200","width":350,"height":200},"classes":[]},{"id":27,"url":"https:\/\/writingsinrhyme.com\/index.php\/let-us-now-gather-together-the-bust-bag-of-feathers\/","url_meta":{"origin":300,"position":2},"title":"Let Us Now Gather Together the Bust Bag of Feathers","author":"Tom\u00e1s \u00d3 C\u00e1rthaigh","date":"30th October 2013","format":false,"excerpt":"After the \u201cthey steal babies\u201d press in Ireland will the press devote as musch time and column inches to publicising that the children are the natural offspring of the Romani parents? The children taken by Irish police from their families as being \u201ctoo blond and blue eyed to be natural\u2026","rel":"","context":"In &quot;Civil Rights&quot;","block_context":{"text":"Civil Rights","link":"https:\/\/writingsinrhyme.com\/index.php\/category\/civil-rights\/"},"img":{"alt_text":"","src":"","width":0,"height":0},"classes":[]},{"id":3102,"url":"https:\/\/writingsinrhyme.com\/index.php\/hens-plan-a-holiday-in-scotland\/","url_meta":{"origin":300,"position":3},"title":"Hens Plan a Holiday in Scotland","author":"Tom\u00e1s \u00d3 C\u00e1rthaigh","date":"15th August 2016","format":false,"excerpt":"\"Thats a hens journey to Scotland\" ~ North Longford saying (proverb) Irish Folklore Commission The hens had heard by fluttering word To Scotland for a holiday they should go Told by the geese who once were there They had traveled far and would know. The morning to set out was\u2026","rel":"","context":"In &quot;Folklore and Legend&quot;","block_context":{"text":"Folklore and Legend","link":"https:\/\/writingsinrhyme.com\/index.php\/category\/folklore-and-legend\/"},"img":{"alt_text":"\"Farmard Chickens\" by Edgar Hunt 1876-1955 dated to the 1920s","src":"https:\/\/i0.wp.com\/www.writingsinrhyme.com\/wp-content\/uploads\/2016\/08\/Farmard-Chickens-by-Edgar-Hunt-1876-1955-dated-to-the-1920s.jpg?resize=350%2C200","width":350,"height":200,"srcset":"https:\/\/i0.wp.com\/www.writingsinrhyme.com\/wp-content\/uploads\/2016\/08\/Farmard-Chickens-by-Edgar-Hunt-1876-1955-dated-to-the-1920s.jpg?resize=350%2C200 1x, https:\/\/i0.wp.com\/www.writingsinrhyme.com\/wp-content\/uploads\/2016\/08\/Farmard-Chickens-by-Edgar-Hunt-1876-1955-dated-to-the-1920s.jpg?resize=525%2C300 1.5x, https:\/\/i0.wp.com\/www.writingsinrhyme.com\/wp-content\/uploads\/2016\/08\/Farmard-Chickens-by-Edgar-Hunt-1876-1955-dated-to-the-1920s.jpg?resize=700%2C400 2x"},"classes":[]},{"id":411,"url":"https:\/\/writingsinrhyme.com\/index.php\/girl-in-black-child-on-a-swing\/","url_meta":{"origin":300,"position":4},"title":"Girl in Black, Child on a Swing","author":"Tom\u00e1s \u00d3 C\u00e1rthaigh","date":"29th April 2014","format":false,"excerpt":"Shes young herself, not yet twenty Or at least she looks so to me And swings her child upon a swing And happy looks to be Sure, she has little and she knows it But her child and family are around And in the little that she has She has\u2026","rel":"","context":"In &quot;Serbia&quot;","block_context":{"text":"Serbia","link":"https:\/\/writingsinrhyme.com\/index.php\/category\/travel-poems\/balkan-odyssey\/serbia\/"},"img":{"alt_text":"","src":"","width":0,"height":0},"classes":[]},{"id":520,"url":"https:\/\/writingsinrhyme.com\/index.php\/a-postcard-to-her-father-sent\/","url_meta":{"origin":300,"position":5},"title":"A Postcard to Her Father Sent","author":"Tom\u00e1s \u00d3 C\u00e1rthaigh","date":"6th July 2012","format":false,"excerpt":"http:\/\/www.youtube.com\/watch?v=7xmMQcRJh-Q The Maria Lazum story, recounted to me by the poet Paul Polansky who knew the family. He was the author of Black Silence, the book on the survivors of the Lety camp. A postcard she sent from the train as she To Auschwitz and her death she was brought\u2026","rel":"","context":"In &quot;Civil Rights&quot;","block_context":{"text":"Civil Rights","link":"https:\/\/writingsinrhyme.com\/index.php\/category\/civil-rights\/"},"img":{"alt_text":"","src":"https:\/\/i0.wp.com\/img.youtube.com\/vi\/7xmMQcRJh-Q\/0.jpg?resize=350%2C200","width":350,"height":200},"classes":[]}],"jetpack_sharing_enabled":true,"_links":{"self":[{"href":"https:\/\/writingsinrhyme.com\/index.php\/wp-json\/wp\/v2\/posts\/300","targetHints":{"allow":["GET"]}}],"collection":[{"href":"https:\/\/writingsinrhyme.com\/index.php\/wp-json\/wp\/v2\/posts"}],"about":[{"href":"https:\/\/writingsinrhyme.com\/index.php\/wp-json\/wp\/v2\/types\/post"}],"author":[{"embeddable":true,"href":"https:\/\/writingsinrhyme.com\/index.php\/wp-json\/wp\/v2\/users\/1"}],"replies":[{"embeddable":true,"href":"https:\/\/writingsinrhyme.com\/index.php\/wp-json\/wp\/v2\/comments?post=300"}],"version-history":[{"count":2,"href":"https:\/\/writingsinrhyme.com\/index.php\/wp-json\/wp\/v2\/posts\/300\/revisions"}],"predecessor-version":[{"id":302,"href":"https:\/\/writingsinrhyme.com\/index.php\/wp-json\/wp\/v2\/posts\/300\/revisions\/302"}],"wp:attachment":[{"href":"https:\/\/writingsinrhyme.com\/index.php\/wp-json\/wp\/v2\/media?parent=300"}],"wp:term":[{"taxonomy":"category","embeddable":true,"href":"https:\/\/writingsinrhyme.com\/index.php\/wp-json\/wp\/v2\/categories?post=300"},{"taxonomy":"post_tag","embeddable":true,"href":"https:\/\/writingsinrhyme.com\/index.php\/wp-json\/wp\/v2\/tags?post=300"}],"curies":[{"name":"wp","href":"https:\/\/api.w.org\/{rel}","templated":true}]}}