{"id":1422,"date":"2011-06-01T23:42:21","date_gmt":"2011-06-01T23:42:21","guid":{"rendered":"http:\/\/www.writingsinrhyme.com\/?p=1422"},"modified":"2015-01-28T23:45:22","modified_gmt":"2015-01-28T23:45:22","slug":"a-march-of-fools","status":"publish","type":"post","link":"https:\/\/writingsinrhyme.com\/index.php\/a-march-of-fools\/","title":{"rendered":"A March of Fools"},"content":{"rendered":"<p>Every July<br \/>\nDrums beat<br \/>\nChests proud<br \/>\nTo fife and drum<br \/>\nFor freedom of faith<br \/>\nAnd a battle won<br \/>\nBy one for that freedom<br \/>\nAs by them it is seen.<\/p>\n<p>All forget that<br \/>\nWhen he fought for their freedom<br \/>\nHe did not fight<br \/>\nTo oppress the Catholics.<\/p>\n<p>And every July<br \/>\nHe spins in his grave.<br \/>\nAs his legacy is contorted<br \/>\nBy the marching of fools.<\/p>\n","protected":false},"excerpt":{"rendered":"<p>Every July Drums beat Chests proud To fife and drum For freedom of faith And a battle won By one for that freedom As by them it is seen. All forget that When he fought for their freedom He did not fight To oppress the Catholics. And every July He &#8230;<\/p>\n","protected":false},"author":1,"featured_media":0,"comment_status":"closed","ping_status":"open","sticky":false,"template":"","format":"standard","meta":{"_jetpack_memberships_contains_paid_content":false,"footnotes":""},"categories":[120,1094,1168],"tags":[25,2341,1630,1443,2345,1627,1629,295,1632,1631,336,1628],"class_list":["post-1422","post","type-post","status-publish","format-standard","hentry","category-non-rhyming-poems","category-ulster-scots","category-williamite-wars","tag-25","tag-battle-of-the-boyne","tag-catholic","tag-drogheda","tag-ireland","tag-king-william","tag-marching-season","tag-orange-order","tag-peace","tag-protestant","tag-war-2","tag-williamite","column","twocol"],"jetpack_featured_media_url":"","jetpack_shortlink":"https:\/\/wp.me\/p7EI4f-mW","jetpack_likes_enabled":true,"jetpack-related-posts":[{"id":3515,"url":"https:\/\/writingsinrhyme.com\/index.php\/a-land-worth-fighting-for\/","url_meta":{"origin":1422,"position":0},"title":"A Land Worth Fighting For","author":"Tom\u00e1s \u00d3 C\u00e1rthaigh","date":"8th February 2017","format":false,"excerpt":"This is a land worth fighting for\" William of Orange - attrib. \"I fought to liberate the Protestants, not oppress the Catholics\" William of Orange King William, though made a champion of the Orange Order, was a fair general, making good Treatys with the surrendering cities. He and his Williamite\u2026","rel":"","context":"In &quot;Battle of the Boyne&quot;","block_context":{"text":"Battle of the Boyne","link":"https:\/\/writingsinrhyme.com\/index.php\/category\/irelands-wars\/battle-of-the-boyne\/"},"img":{"alt_text":"Looking down on Aughrim Village from the Jacobite positions which was a carpark during the Aughrim Horse Fair","src":"https:\/\/i0.wp.com\/www.writingsinrhyme.com\/wp-content\/uploads\/2015\/07\/Looking-down-on-Aughrim-Village-from-the-Jacobite-positions-which-was-a-carpark-during-the-Aughrim-Horse-Fair.jpg?resize=350%2C200","width":350,"height":200,"srcset":"https:\/\/i0.wp.com\/www.writingsinrhyme.com\/wp-content\/uploads\/2015\/07\/Looking-down-on-Aughrim-Village-from-the-Jacobite-positions-which-was-a-carpark-during-the-Aughrim-Horse-Fair.jpg?resize=350%2C200 1x, https:\/\/i0.wp.com\/www.writingsinrhyme.com\/wp-content\/uploads\/2015\/07\/Looking-down-on-Aughrim-Village-from-the-Jacobite-positions-which-was-a-carpark-during-the-Aughrim-Horse-Fair.jpg?resize=525%2C300 1.5x, https:\/\/i0.wp.com\/www.writingsinrhyme.com\/wp-content\/uploads\/2015\/07\/Looking-down-on-Aughrim-Village-from-the-Jacobite-positions-which-was-a-carpark-during-the-Aughrim-Horse-Fair.jpg?resize=700%2C400 2x, https:\/\/i0.wp.com\/www.writingsinrhyme.com\/wp-content\/uploads\/2015\/07\/Looking-down-on-Aughrim-Village-from-the-Jacobite-positions-which-was-a-carpark-during-the-Aughrim-Horse-Fair.jpg?resize=1050%2C600 3x"},"classes":[]},{"id":2077,"url":"https:\/\/writingsinrhyme.com\/index.php\/toasting-two-kings\/","url_meta":{"origin":1422,"position":1},"title":"Toasting Two Kings","author":"Tom\u00e1s \u00d3 C\u00e1rthaigh","date":"22nd July 2015","format":false,"excerpt":"I was at the Aughrim Horse Fair last Sunday, and while viewing all of the horses - and the women! - there, I took a walk around the village to see the site of the Battle of Aughrim, the decisive battle in the Williamite wars, which are commemorated each year\u2026","rel":"","context":"In &quot;Battle of the Boyne&quot;","block_context":{"text":"Battle of the Boyne","link":"https:\/\/writingsinrhyme.com\/index.php\/category\/irelands-wars\/battle-of-the-boyne\/"},"img":{"alt_text":"Looking down on Aughrim Village from the Jacobite positions which was a carpark during the Aughrim Horse Fair","src":"https:\/\/i0.wp.com\/www.writingsinrhyme.com\/wp-content\/uploads\/2015\/07\/Looking-down-on-Aughrim-Village-from-the-Jacobite-positions-which-was-a-carpark-during-the-Aughrim-Horse-Fair.jpg?resize=350%2C200","width":350,"height":200,"srcset":"https:\/\/i0.wp.com\/www.writingsinrhyme.com\/wp-content\/uploads\/2015\/07\/Looking-down-on-Aughrim-Village-from-the-Jacobite-positions-which-was-a-carpark-during-the-Aughrim-Horse-Fair.jpg?resize=350%2C200 1x, https:\/\/i0.wp.com\/www.writingsinrhyme.com\/wp-content\/uploads\/2015\/07\/Looking-down-on-Aughrim-Village-from-the-Jacobite-positions-which-was-a-carpark-during-the-Aughrim-Horse-Fair.jpg?resize=525%2C300 1.5x, https:\/\/i0.wp.com\/www.writingsinrhyme.com\/wp-content\/uploads\/2015\/07\/Looking-down-on-Aughrim-Village-from-the-Jacobite-positions-which-was-a-carpark-during-the-Aughrim-Horse-Fair.jpg?resize=700%2C400 2x, https:\/\/i0.wp.com\/www.writingsinrhyme.com\/wp-content\/uploads\/2015\/07\/Looking-down-on-Aughrim-Village-from-the-Jacobite-positions-which-was-a-carpark-during-the-Aughrim-Horse-Fair.jpg?resize=1050%2C600 3x"},"classes":[]},{"id":3775,"url":"https:\/\/writingsinrhyme.com\/index.php\/to-march-they-had-no-need\/","url_meta":{"origin":1422,"position":2},"title":"To March They Had No Need","author":"Tom\u00e1s \u00d3 C\u00e1rthaigh","date":"12th July 2005","format":false,"excerpt":"Not all Protestants have a need for Orangism, though there is a face that is not as bigoted as what is presented in the years of late. The men of 1798 had no need to parade to prove they were Protestant, or to oppress their fellow Irish for being Catholic.\u2026","rel":"","context":"In &quot;1798 Rebellion&quot;","block_context":{"text":"1798 Rebellion","link":"https:\/\/writingsinrhyme.com\/index.php\/category\/irelands-wars\/1798-rebellion\/"},"img":{"alt_text":"A sash from one of  Longfords now defunct Orange Halls","src":"https:\/\/i0.wp.com\/quincey.info\/wp-content\/uploads\/2015\/11\/Longford-Sash-Copy.jpg?resize=350%2C200","width":350,"height":200,"srcset":"https:\/\/i0.wp.com\/quincey.info\/wp-content\/uploads\/2015\/11\/Longford-Sash-Copy.jpg?resize=350%2C200 1x, https:\/\/i0.wp.com\/quincey.info\/wp-content\/uploads\/2015\/11\/Longford-Sash-Copy.jpg?resize=525%2C300 1.5x, https:\/\/i0.wp.com\/quincey.info\/wp-content\/uploads\/2015\/11\/Longford-Sash-Copy.jpg?resize=700%2C400 2x, https:\/\/i0.wp.com\/quincey.info\/wp-content\/uploads\/2015\/11\/Longford-Sash-Copy.jpg?resize=1050%2C600 3x"},"classes":[]},{"id":3773,"url":"https:\/\/writingsinrhyme.com\/index.php\/reflections-on-orange-day\/","url_meta":{"origin":1422,"position":3},"title":"Reflections on Orange Day","author":"Tom\u00e1s \u00d3 C\u00e1rthaigh","date":"13th July 2017","format":false,"excerpt":"As the Orange Day celebrations passed off without much incident in the North of Ireland, an unprecedented event happened \"in Connaught\" as the local lodge went for a \"walk\" unmolested and back to their local church. The Dublin and Wicklow Orange Lodge commented that having no Parades Commission, the Republic\u2026","rel":"","context":"In &quot;1798 Rebellion&quot;","block_context":{"text":"1798 Rebellion","link":"https:\/\/writingsinrhyme.com\/index.php\/category\/irelands-wars\/1798-rebellion\/"},"img":{"alt_text":"Orange Order at Ardoyne, a flashpoint during marching season.","src":"https:\/\/i0.wp.com\/img.rasset.ie\/000e53e1-800.jpg?resize=350%2C200&ssl=1","width":350,"height":200,"srcset":"https:\/\/i0.wp.com\/img.rasset.ie\/000e53e1-800.jpg?resize=350%2C200&ssl=1 1x, https:\/\/i0.wp.com\/img.rasset.ie\/000e53e1-800.jpg?resize=525%2C300&ssl=1 1.5x, https:\/\/i0.wp.com\/img.rasset.ie\/000e53e1-800.jpg?resize=700%2C400&ssl=1 2x"},"classes":[]},{"id":4721,"url":"https:\/\/writingsinrhyme.com\/index.php\/grey-skies-over-aughrim\/","url_meta":{"origin":1422,"position":4},"title":"Grey Skies Over Aughrim","author":"Tom\u00e1s \u00d3 C\u00e1rthaigh","date":"6th July 2020","format":false,"excerpt":"Grey skies over Aughrim: Fields peaceful and green, That knew terror and bloodshed Where battle had been. But now only cows graze there, Armies fight no more, Time heals all scars in landscapes As often since and before. From far fields in Flanders From Ballinamuck to Beiruit Time brings peace\u2026","rel":"","context":"In &quot;Williamite Wars&quot;","block_context":{"text":"Williamite Wars","link":"https:\/\/writingsinrhyme.com\/index.php\/category\/irelands-wars\/williamite-wars\/"},"img":{"alt_text":"","src":"https:\/\/i0.wp.com\/writingsinrhyme.celtichosting.com\/wp-content\/uploads\/2020\/07\/IMG_20200706_215448_676.jpg?resize=350%2C200&ssl=1","width":350,"height":200,"srcset":"https:\/\/i0.wp.com\/writingsinrhyme.celtichosting.com\/wp-content\/uploads\/2020\/07\/IMG_20200706_215448_676.jpg?resize=350%2C200&ssl=1 1x, https:\/\/i0.wp.com\/writingsinrhyme.celtichosting.com\/wp-content\/uploads\/2020\/07\/IMG_20200706_215448_676.jpg?resize=525%2C300&ssl=1 1.5x, https:\/\/i0.wp.com\/writingsinrhyme.celtichosting.com\/wp-content\/uploads\/2020\/07\/IMG_20200706_215448_676.jpg?resize=700%2C400&ssl=1 2x, https:\/\/i0.wp.com\/writingsinrhyme.celtichosting.com\/wp-content\/uploads\/2020\/07\/IMG_20200706_215448_676.jpg?resize=1050%2C600&ssl=1 3x"},"classes":[]},{"id":15,"url":"https:\/\/writingsinrhyme.com\/index.php\/basket-across-the-boyne\/","url_meta":{"origin":1422,"position":5},"title":"Basket Across the Boyne","author":"Tom\u00e1s \u00d3 C\u00e1rthaigh","date":"8th July 2014","format":false,"excerpt":"Smoke had cleared, blood clotted, breaths gone Flies feasted on the dead Victories armies raged the land Men fled to hills and bogs, prices on their head... One such morning the Williamites came To a house where the menfolk were killed Where the Boyne waters flowed, before their king fled\u2026","rel":"","context":"In &quot;Battle of the Boyne&quot;","block_context":{"text":"Battle of the Boyne","link":"https:\/\/writingsinrhyme.com\/index.php\/category\/irelands-wars\/battle-of-the-boyne\/"},"img":{"alt_text":"","src":"","width":0,"height":0},"classes":[]}],"jetpack_sharing_enabled":true,"_links":{"self":[{"href":"https:\/\/writingsinrhyme.com\/index.php\/wp-json\/wp\/v2\/posts\/1422","targetHints":{"allow":["GET"]}}],"collection":[{"href":"https:\/\/writingsinrhyme.com\/index.php\/wp-json\/wp\/v2\/posts"}],"about":[{"href":"https:\/\/writingsinrhyme.com\/index.php\/wp-json\/wp\/v2\/types\/post"}],"author":[{"embeddable":true,"href":"https:\/\/writingsinrhyme.com\/index.php\/wp-json\/wp\/v2\/users\/1"}],"replies":[{"embeddable":true,"href":"https:\/\/writingsinrhyme.com\/index.php\/wp-json\/wp\/v2\/comments?post=1422"}],"version-history":[{"count":1,"href":"https:\/\/writingsinrhyme.com\/index.php\/wp-json\/wp\/v2\/posts\/1422\/revisions"}],"predecessor-version":[{"id":1423,"href":"https:\/\/writingsinrhyme.com\/index.php\/wp-json\/wp\/v2\/posts\/1422\/revisions\/1423"}],"wp:attachment":[{"href":"https:\/\/writingsinrhyme.com\/index.php\/wp-json\/wp\/v2\/media?parent=1422"}],"wp:term":[{"taxonomy":"category","embeddable":true,"href":"https:\/\/writingsinrhyme.com\/index.php\/wp-json\/wp\/v2\/categories?post=1422"},{"taxonomy":"post_tag","embeddable":true,"href":"https:\/\/writingsinrhyme.com\/index.php\/wp-json\/wp\/v2\/tags?post=1422"}],"curies":[{"name":"wp","href":"https:\/\/api.w.org\/{rel}","templated":true}]}}